{"id":3973,"date":"2017-08-21T16:24:00","date_gmt":"2017-08-21T16:24:00","guid":{"rendered":"http:\/\/socgastro.org.br\/novo\/?p=3973"},"modified":"2019-02-21T10:17:05","modified_gmt":"2019-02-21T10:17:05","slug":"a-ma-gestao-da-saude-publica","status":"publish","type":"post","link":"https:\/\/socgastro.org.br\/novo\/2017\/08\/a-ma-gestao-da-saude-publica\/","title":{"rendered":"A m\u00e1 gest\u00e3o da sa\u00fade p\u00fablica"},"content":{"rendered":"<p><img loading=\"lazy\" decoding=\"async\" class=\"alignleft size-medium wp-image-158\" src=\"http:\/\/socgastro.org.br\/novo\/wp-content\/uploads\/2016\/02\/carlos_vital_reduzida-300x245.jpg\" alt=\"\" width=\"300\" height=\"245\" \/>fonte:\u00a0Veja<\/p>\n<p>por\u00a0<em>Carlos Vital Tavares Corr\u00eaa Lima\u00a0<\/em>presidente do Conselho Federal de Medicina (CFM)<\/p>\n<p>Tr\u00eas recentes epis\u00f3dios de injustas acusa\u00e7\u00f5es aos m\u00e9dicos brasileiros foram registrados pela m\u00eddia, com forte impacto no seio da classe e grande repercuss\u00e3o na sociedade, por terem como protagonista o ministro da Sa\u00fade, Ricardo Barros, engenheiro e deputado federal filiado ao Partido Progressista (PP).<\/p>\n<p>O ministro anunciou nos estados do Paran\u00e1, Acre e no Distrito Federal o controle por biometria nos postos de sa\u00fade da rede p\u00fablica de todo o pa\u00eds na inten\u00e7\u00e3o de uma maior produtividade dos m\u00e9dicos. Cometeu um erro imperdo\u00e1vel em seus discursos ao dar destaque a uma frase pol\u00eamica: \u201cVamos parar de fingir que pagamos os m\u00e9dicos e os m\u00e9dicos t\u00eam que parar de fingir que trabalham\u201d.<\/p>\n<p>Diante de cr\u00edticas \u00e0 inconsist\u00eancia de seus discursos, transformou os jornalistas em bodes expiat\u00f3rios, acusando-os de distorcer o sentido de sua frase, por coloc\u00e1-la fora de contexto, esquecendo-se que a expressou por tr\u00eas vezes e que os seus termos assertivos s\u00e3o de interpreta\u00e7\u00e3o filol\u00f3gica ou gramatical.<\/p>\n<p>Maquiavel classificou os homens em tr\u00eas tipos: aqueles que conseguem compreender por si s\u00f3; os que s\u00f3 conseguem entender os que os outros compreenderam; e aqueles que n\u00e3o conseguem compreender por si s\u00f3 e n\u00e3o conseguem entender o que os outros compreenderam. O ministro n\u00e3o se enquadra nestas duas \u00faltimas categorias. Elabora as suas mensagens com plena compreens\u00e3o do que transmitem.<\/p>\n<p>Portanto, trata-se aqui de uma frase de efeito que desvia a aten\u00e7\u00e3o sobre a precariedade da sa\u00fade p\u00fablica, onde falta tudo ou quase tudo e ocorre com frequ\u00eancia a designa\u00e7\u00e3o aos m\u00e9dicos da representa\u00e7\u00e3o n\u00e3o autorizada do Criador nas \u201cescolhas de Sofia\u201d \u2013 as mesmas escolhas entre os n\u00e1ufragos daquele que ocupar\u00e1 o \u00faltimo lugar dispon\u00edvel no escaler da vida.<\/p>\n<p>As mortes evit\u00e1veis e as sequelas irrevers\u00edveis de milhares de brasileiros, por falta de condi\u00e7\u00f5es de trabalho ao m\u00e9dico, t\u00eam sido escondidas com a cumplicidade do sil\u00eancio ou de pol\u00eamicas impertinentes, que impedem a n\u00edtida vis\u00e3o da incompet\u00eancia administrativa do Sistema \u00danico de Sa\u00fade (SUS).<\/p>\n<p>Na linha das explica\u00e7\u00f5es desprovidas de raz\u00e3o, com simples an\u00e1lise de n\u00fameros, o ministro apresentou dados do Banco Mundial como alicerce para os seus argumentos de que o n\u00famero de consultas por m\u00e9dico no Brasil \u00e9 1,5 vezes menor do que a m\u00e9dia dos pa\u00edses da Organiza\u00e7\u00e3o de Coopera\u00e7\u00e3o e Desenvolvimento Econ\u00f4mico (OCDE), olvidando-se que os dados foram retirados do exerc\u00edcio da medicina em condi\u00e7\u00f5es ideais de trabalho.<\/p>\n<p>Na maioria das na\u00e7\u00f5es que integram a OCDE (como Inglaterra, Portugal e Fran\u00e7a), os m\u00e9dicos t\u00eam excelentes carreiras nacionais e os cargos da gest\u00e3o de servi\u00e7os e programas de sa\u00fade n\u00e3o s\u00e3o de livre provimento dos pol\u00edticos de plant\u00e3o. Por isso, n\u00e3o s\u00e3o utilizados para satisfa\u00e7\u00e3o de interesses pessoais ou eleitorais, em detrimento da profici\u00eancia administrativa.<\/p>\n<p>Em geral, no \u00e2mbito dos pa\u00edses membros da OCDE, os m\u00e9dicos t\u00eam o que falta em muitos postos de sa\u00fade brasileiros: cadeiras, macas, toalhas e pias para lavagem das m\u00e3os, banheiros para deficientes f\u00edsicos, salas para esteriliza\u00e7\u00e3o de materiais e expurgo de lixo, equipamentos, medicamentos e insumos imprescind\u00edveis aos atendimentos. Considerando essas car\u00eancias pode-se concluir pela maior produtividade dos m\u00e9dicos brasileiros.<\/p>\n<p>Ainda, em meio aos conflitos gerados pelas gratuitas provoca\u00e7\u00f5es aos m\u00e9dicos, tem sido divulgada por Ricardo Barros a economia de R$ 3,5 bilh\u00f5es em sua gest\u00e3o ministerial, sem mencionar que de uma dota\u00e7\u00e3o or\u00e7ament\u00e1ria de R$ 121 bilh\u00f5es o Minist\u00e9rio da Sa\u00fade (MS), no ano passado, deixou de aplicar R$ 6 bilh\u00f5es, dos quais R$ 2 bilh\u00f5es destinavam-se aos investimentos e o restante ao custeio.<\/p>\n<p>Os problemas do SUS s\u00e3o cr\u00f4nicos e n\u00e3o ser\u00e3o resolvidos com propostas casu\u00edsticas. As suas solu\u00e7\u00f5es exigem: pol\u00edtica de sa\u00fade como pol\u00edtica de Estado, compet\u00eancia gerencial, planos de cargos e sal\u00e1rios em carreiras estruturadas e compartilhadas pelo Poder Executivo, recursos humanos valorizados, melhor or\u00e7amento, sistema de controle e avalia\u00e7\u00e3o rigoroso, descentraliza\u00e7\u00e3o regional, auditoria social independente e capacitada.<\/p>\n<p>A reforma tribut\u00e1ria, entre outras relev\u00e2ncias, tem papel preponderante nas adequa\u00e7\u00f5es do SUS!<\/p>\n<p>Na vig\u00eancia da Carta Magna de 1988, a Uni\u00e3o concentrou em seus cofres a maior parte da carga tribut\u00e1ria e reduziu os seus encargos. Os demais entes federativos (Estados e Munic\u00edpios) est\u00e3o mais onerados, empobrecidos, endividados e subservientes ao Planalto Central.<\/p>\n<p>As caravanas de governadores, prefeitos, secret\u00e1rios estaduais e municipais de sa\u00fade \u00e0 Esplanada dos Minist\u00e9rios s\u00e3o not\u00edcias rotineiras. De pires na m\u00e3o, as autoridades agradecem \u00ednfimos percentuais do que deveriam receber por direito.<\/p>\n<p>Assim, o pa\u00eds encontra-se com um Pacto Federativo ut\u00f3pico e mais vulner\u00e1vel \u00e0s alian\u00e7as pol\u00edtico-partid\u00e1rias feitas de modo argent\u00e1rio e \u00e0s a\u00e7\u00f5es corporativas predat\u00f3rias do bem comum.<\/p>\n<p>Na persist\u00eancia desse cen\u00e1rio de viol\u00eancias, desvios do er\u00e1rio, humilha\u00e7\u00f5es e desassist\u00eancia \u00e0 sa\u00fade p\u00fablica por omiss\u00e3o do Estado, a classe m\u00e9dica, mais uma vez, unida aos interesses da imensa maioria da popula\u00e7\u00e3o brasileira, que defende o SUS, voltou \u00e0s ruas no dia 3 de agosto, em um movimento de protesto popular denominado \u201cFora Barros\u201d. Na defesa da sa\u00fade, a causa p\u00fablica mais essencial e reivindicada, de modo coerente ao exerc\u00edcio de cidadania, no mais elevado patamar da consci\u00eancia, repudiando a in\u00e9rcia das autoridades sanit\u00e1rias e o descaso com a dignidade humana.<\/p>\n<p>Apesar das nossas rela\u00e7\u00f5es sociais contempor\u00e2neas, que fazem lembrar as hist\u00f3ricas narrativas do per\u00edodo de interregno da antiga Roma e dos estigmas jogados contra os m\u00e9dicos, os seus compromissos vocacionais, sustentados com ang\u00fastias, sofrimentos e depress\u00f5es, s\u00e3o afirmados pelo povo em pesquisas de opini\u00e3o p\u00fablica.<\/p>\n<p>No final do ano de 2016, em pesquisa do Instituto Datafolha, os m\u00e9dicos brasileiros continuaram no topo do \u201cranking\u201d das classes profissionais com mais cr\u00e9dito ou de maior confian\u00e7a perante a popula\u00e7\u00e3o. Por sua vez, com honrosas exce\u00e7\u00f5es, a classe a qual pertence o ministro da Sa\u00fade, a dos pol\u00edticos, ficou situada, infelizmente, no \u00faltimo lugar.<\/p>\n","protected":false},"excerpt":{"rendered":"<p>fonte:\u00a0Veja por\u00a0Carlos Vital Tavares Corr\u00eaa Lima\u00a0presidente do Conselho Federal de Medicina (CFM) Tr\u00eas recentes epis\u00f3dios de injustas acusa\u00e7\u00f5es aos m\u00e9dicos [&hellip;]<\/p>\n","protected":false},"author":1,"featured_media":0,"comment_status":"closed","ping_status":"open","sticky":false,"template":"","format":"standard","meta":{"footnotes":""},"categories":[3,2],"tags":[],"class_list":["post-3973","post","type-post","status-publish","format-standard","hentry","category-artigos","category-noticias"],"_links":{"self":[{"href":"https:\/\/socgastro.org.br\/novo\/wp-json\/wp\/v2\/posts\/3973","targetHints":{"allow":["GET"]}}],"collection":[{"href":"https:\/\/socgastro.org.br\/novo\/wp-json\/wp\/v2\/posts"}],"about":[{"href":"https:\/\/socgastro.org.br\/novo\/wp-json\/wp\/v2\/types\/post"}],"author":[{"embeddable":true,"href":"https:\/\/socgastro.org.br\/novo\/wp-json\/wp\/v2\/users\/1"}],"replies":[{"embeddable":true,"href":"https:\/\/socgastro.org.br\/novo\/wp-json\/wp\/v2\/comments?post=3973"}],"version-history":[{"count":1,"href":"https:\/\/socgastro.org.br\/novo\/wp-json\/wp\/v2\/posts\/3973\/revisions"}],"predecessor-version":[{"id":3974,"href":"https:\/\/socgastro.org.br\/novo\/wp-json\/wp\/v2\/posts\/3973\/revisions\/3974"}],"wp:attachment":[{"href":"https:\/\/socgastro.org.br\/novo\/wp-json\/wp\/v2\/media?parent=3973"}],"wp:term":[{"taxonomy":"category","embeddable":true,"href":"https:\/\/socgastro.org.br\/novo\/wp-json\/wp\/v2\/categories?post=3973"},{"taxonomy":"post_tag","embeddable":true,"href":"https:\/\/socgastro.org.br\/novo\/wp-json\/wp\/v2\/tags?post=3973"}],"curies":[{"name":"wp","href":"https:\/\/api.w.org\/{rel}","templated":true}]}}