{"id":3360,"date":"2017-08-15T11:42:21","date_gmt":"2017-08-15T11:42:21","guid":{"rendered":"http:\/\/socgastro.org.br\/novo\/?p=3360"},"modified":"2017-08-15T11:42:21","modified_gmt":"2017-08-15T11:42:21","slug":"academia-nacional-de-medicina-sedia-no-dia-24-o-simposio-centenario-de-nascimento-do-academico-prof-clementino-fraga-filho","status":"publish","type":"post","link":"https:\/\/socgastro.org.br\/novo\/2017\/08\/academia-nacional-de-medicina-sedia-no-dia-24-o-simposio-centenario-de-nascimento-do-academico-prof-clementino-fraga-filho\/","title":{"rendered":"Academia Nacional de Medicina sedia, no dia 24, o Simp\u00f3sio Centen\u00e1rio de Nascimento do Acad\u00eamico Prof. Clementino Fraga Filho"},"content":{"rendered":"<p style=\"text-align: center;\"><img loading=\"lazy\" decoding=\"async\" class=\"aligncenter size-full wp-image-3361\" src=\"http:\/\/socgastro.org.br\/novo\/wp-content\/uploads\/2017\/08\/24_agosto_2017.jpg\" alt=\"\" width=\"1200\" height=\"1601\" srcset=\"https:\/\/socgastro.org.br\/novo\/wp-content\/uploads\/2017\/08\/24_agosto_2017.jpg 1200w, https:\/\/socgastro.org.br\/novo\/wp-content\/uploads\/2017\/08\/24_agosto_2017-600x801.jpg 600w, https:\/\/socgastro.org.br\/novo\/wp-content\/uploads\/2017\/08\/24_agosto_2017-225x300.jpg 225w, https:\/\/socgastro.org.br\/novo\/wp-content\/uploads\/2017\/08\/24_agosto_2017-768x1024.jpg 768w\" sizes=\"auto, (max-width: 1200px) 100vw, 1200px\" \/><\/p>\n","protected":false},"excerpt":{"rendered":"","protected":false},"author":1,"featured_media":3361,"comment_status":"closed","ping_status":"open","sticky":false,"template":"","format":"standard","meta":{"footnotes":""},"categories":[2],"tags":[],"class_list":["post-3360","post","type-post","status-publish","format-standard","has-post-thumbnail","hentry","category-noticias"],"_links":{"self":[{"href":"https:\/\/socgastro.org.br\/novo\/wp-json\/wp\/v2\/posts\/3360","targetHints":{"allow":["GET"]}}],"collection":[{"href":"https:\/\/socgastro.org.br\/novo\/wp-json\/wp\/v2\/posts"}],"about":[{"href":"https:\/\/socgastro.org.br\/novo\/wp-json\/wp\/v2\/types\/post"}],"author":[{"embeddable":true,"href":"https:\/\/socgastro.org.br\/novo\/wp-json\/wp\/v2\/users\/1"}],"replies":[{"embeddable":true,"href":"https:\/\/socgastro.org.br\/novo\/wp-json\/wp\/v2\/comments?post=3360"}],"version-history":[{"count":1,"href":"https:\/\/socgastro.org.br\/novo\/wp-json\/wp\/v2\/posts\/3360\/revisions"}],"predecessor-version":[{"id":3362,"href":"https:\/\/socgastro.org.br\/novo\/wp-json\/wp\/v2\/posts\/3360\/revisions\/3362"}],"wp:featuredmedia":[{"embeddable":true,"href":"https:\/\/socgastro.org.br\/novo\/wp-json\/wp\/v2\/media\/3361"}],"wp:attachment":[{"href":"https:\/\/socgastro.org.br\/novo\/wp-json\/wp\/v2\/media?parent=3360"}],"wp:term":[{"taxonomy":"category","embeddable":true,"href":"https:\/\/socgastro.org.br\/novo\/wp-json\/wp\/v2\/categories?post=3360"},{"taxonomy":"post_tag","embeddable":true,"href":"https:\/\/socgastro.org.br\/novo\/wp-json\/wp\/v2\/tags?post=3360"}],"curies":[{"name":"wp","href":"https:\/\/api.w.org\/{rel}","templated":true}]}}