{"id":2623,"date":"2017-04-03T12:43:54","date_gmt":"2017-04-03T12:43:54","guid":{"rendered":"http:\/\/socgastro.org.br\/novo\/?p=2623"},"modified":"2017-04-03T12:43:54","modified_gmt":"2017-04-03T12:43:54","slug":"ministerio-inclui-ioga-biodanca-meditacao-e-outras-11-terapias-no-sus","status":"publish","type":"post","link":"https:\/\/socgastro.org.br\/novo\/2017\/04\/ministerio-inclui-ioga-biodanca-meditacao-e-outras-11-terapias-no-sus\/","title":{"rendered":"Minist\u00e9rio inclui ioga, biodan\u00e7a, medita\u00e7\u00e3o e outras 11 terapias no SUS"},"content":{"rendered":"<p><img loading=\"lazy\" decoding=\"async\" class=\"alignleft size-medium wp-image-2624\" src=\"http:\/\/socgastro.org.br\/novo\/wp-content\/uploads\/2017\/04\/ioga-300x200.jpg\" alt=\"\" width=\"300\" height=\"200\" \/>fonte: Estad\u00e3o<\/p>\n<p>Ioga, medita\u00e7\u00e3o, reiki e mais 11 op\u00e7\u00f5es ser\u00e3o oferecidas aos pacientes do Sistema \u00danico de Sa\u00fade (SUS) pelo Pa\u00eds. Portaria do Minist\u00e9rio da Sa\u00fade publicada nesta ter\u00e7a-feira, 28,\u00a0no <em>Di\u00e1rio Oficial da Uni\u00e3o<\/em> amplia de 5 para 19 a lista das chamadas pr\u00e1ticas alternativas &#8211; h\u00e1 ainda a inclus\u00e3o de arteterapia, ayurveda, biodan\u00e7a, dan\u00e7a circular, musicoterapia, naturopatia, osteopatia, quiropraxia, reflexoterapia, shantala e terapia comunit\u00e1ria.<\/p>\n<p>Trazidas das medicinas milenares, como as orientais, tais pr\u00e1ticas t\u00eam como objetivo cuidar do paciente em todas as suas dimens\u00f5es, n\u00e3o somente a f\u00edsica, e atuar tanto como coadjuvante no tratamento de doen\u00e7as quanto como estrat\u00e9gia de promo\u00e7\u00e3o de sa\u00fade. \u201cFaz parte da estrat\u00e9gia de preven\u00e7\u00e3o. Queremos que as pessoas procurem menos os hospitais\u201d, afirmou o ministro da Sa\u00fade, Ricardo Barros, ao justificar a medida. Ele mesmo diz j\u00e1 ter feito reflexoterapia e quiropraxia.<\/p>\n<p>Chamadas no Minist\u00e9rio da Sa\u00fade de Integrativas Complementares, as pr\u00e1ticas alternativas come\u00e7aram a ser ofertadas no SUS em 2006. Atualmente, 1.708 munic\u00edpios oferecem esses servi\u00e7os. A maioria est\u00e1 na aten\u00e7\u00e3o b\u00e1sica (78%). H\u00e1 tamb\u00e9m servi\u00e7os especializados (18%) e hospitais (4%) p\u00fablicos que disp\u00f5em desses recursos. Cerca de 7,7 mil estabelecimentos de sa\u00fade apresentam alguma dessas pr\u00e1ticas &#8211; o equivalente a 28% das Unidades B\u00e1sicas de Sa\u00fade (UBS).<\/p>\n<p>Os servi\u00e7os s\u00e3o montados a crit\u00e9rio do interesse das prefeituras. \u201cEsse mecanismo vai continuar. O que muda, agora, \u00e9 a amplia\u00e7\u00e3o das possibilidades de oferta de atividades\u201d, disse o ministro. Segundo Barros, todas as pessoas poder\u00e3o ter acesso \u00e0s terapias, independentemente de problemas de sa\u00fade.<\/p>\n<p>De acordo com o minist\u00e9rio, muitos munic\u00edpios j\u00e1 haviam expandido a oferta de pr\u00e1ticas alternativas nos \u00faltimos anos. As novas modalidades, no entanto, vinham sendo pagas pelas prefeituras que tomaram a iniciativa de fazer a amplia\u00e7\u00e3o. Com a portaria, os recursos do Minist\u00e9rio da Sa\u00fade poder\u00e3o ser usados tamb\u00e9m para custear as pr\u00e1ticas rec\u00e9m inclu\u00eddas na lista.<\/p>\n<p>Embora a lista de terapias dispon\u00edveis no SUS tenha aumentado de forma expressiva, os recursos usados para financi\u00e1-las n\u00e3o ser\u00e3o alterados. Os servi\u00e7os ser\u00e3o custeados pelo PAB, um bloco de repasses do governo federal para munic\u00edpios usado para financiar aten\u00e7\u00e3o b\u00e1sica de sa\u00fade. \u201cCaber\u00e1 ao gestor fazer a op\u00e7\u00e3o sobre a melhor forma de usar os recursos\u201d, disse o ministro. Isso significa que, caso o secret\u00e1rio municipal decida ofertar alguma pr\u00e1tica, ter\u00e1 de retirar recursos de um bloco usado para custear, por exemplo, o Sa\u00fade da Fam\u00edlia.<\/p>\n<p><strong>OMS. <\/strong>Na justificativa para a inclus\u00e3o de novas pr\u00e1ticas, o Minist\u00e9rio da Sa\u00fade afirmou levar em considera\u00e7\u00e3o orienta\u00e7\u00f5es da Organiza\u00e7\u00e3o Mundial da Sa\u00fade (OMS). O minist\u00e9rio n\u00e3o especificou na portaria quais s\u00e3o os requisitos e a forma\u00e7\u00e3o necess\u00e1rios para a contrata\u00e7\u00e3o dos profissionais para prestar esse tipo de servi\u00e7o nas unidades p\u00fablicas.<\/p>\n<p><strong>Estudos cient\u00edficos recentes apontam benef\u00edcios da ioga<\/strong><\/p>\n<p>Diversos estudos cient\u00edficos recentes t\u00eam apontado que a ioga \u00e9 ben\u00e9fica \u00e0 sa\u00fade. Em janeiro, cientistas da Universidade de Maryland (EUA) mostraram que a pr\u00e1tica pode, no curto prazo, reduzir o sofrimento e restabelecer capacidades funcionais de pessoas com dor lombar.<\/p>\n<p>Tamb\u00e9m em janeiro pesquisadores da Associa\u00e7\u00e3o Americana de Terapia F\u00edsica publicaram artigo na <em>Rehabilitation Oncology <\/em>em que recomendam ioga para crian\u00e7as com c\u00e2ncer em tratamento quimioter\u00e1pico e relatam melhora na qualidade de vida &#8211; dos pacientes e dos pais.<\/p>\n<p>Em 2016, a Sociedade de Cardiologia da \u00cdndia divulgou estudo que indicava a pr\u00e1tica uma hora por dia para reduzir press\u00e3o sangu\u00ednea em pacientes com pr\u00e9-hipertens\u00e3o. No mesmo ano, cientistas da Universidade da Pensilv\u00e2nia (EUA) publicaram no <em>Journal of Clinical Psychiatry<\/em> que a ioga ajuda a aliviar a depress\u00e3o severa em pessoas que n\u00e3o respondem a tratamentos com antidepressivos tradicionais.<\/p>\n<p>Pesquisadores da Universidade Estadual da Ge\u00f3rgia (EUA) apontaram ainda que a ioga reduz sintomas de transtorno de ansiedade generalizada, como problemas de sono. Pessoas com asma tamb\u00e9m podem ser beneficiadas, conforme estudo da Universidade Chinesa de Hong Kong publicado em abril de 2016.<\/p>\n","protected":false},"excerpt":{"rendered":"<p>fonte: Estad\u00e3o Ioga, medita\u00e7\u00e3o, reiki e mais 11 op\u00e7\u00f5es ser\u00e3o oferecidas aos pacientes do Sistema \u00danico de Sa\u00fade (SUS) pelo [&hellip;]<\/p>\n","protected":false},"author":1,"featured_media":0,"comment_status":"closed","ping_status":"open","sticky":false,"template":"","format":"standard","meta":{"footnotes":""},"categories":[2],"tags":[],"class_list":["post-2623","post","type-post","status-publish","format-standard","hentry","category-noticias"],"_links":{"self":[{"href":"https:\/\/socgastro.org.br\/novo\/wp-json\/wp\/v2\/posts\/2623","targetHints":{"allow":["GET"]}}],"collection":[{"href":"https:\/\/socgastro.org.br\/novo\/wp-json\/wp\/v2\/posts"}],"about":[{"href":"https:\/\/socgastro.org.br\/novo\/wp-json\/wp\/v2\/types\/post"}],"author":[{"embeddable":true,"href":"https:\/\/socgastro.org.br\/novo\/wp-json\/wp\/v2\/users\/1"}],"replies":[{"embeddable":true,"href":"https:\/\/socgastro.org.br\/novo\/wp-json\/wp\/v2\/comments?post=2623"}],"version-history":[{"count":1,"href":"https:\/\/socgastro.org.br\/novo\/wp-json\/wp\/v2\/posts\/2623\/revisions"}],"predecessor-version":[{"id":2625,"href":"https:\/\/socgastro.org.br\/novo\/wp-json\/wp\/v2\/posts\/2623\/revisions\/2625"}],"wp:attachment":[{"href":"https:\/\/socgastro.org.br\/novo\/wp-json\/wp\/v2\/media?parent=2623"}],"wp:term":[{"taxonomy":"category","embeddable":true,"href":"https:\/\/socgastro.org.br\/novo\/wp-json\/wp\/v2\/categories?post=2623"},{"taxonomy":"post_tag","embeddable":true,"href":"https:\/\/socgastro.org.br\/novo\/wp-json\/wp\/v2\/tags?post=2623"}],"curies":[{"name":"wp","href":"https:\/\/api.w.org\/{rel}","templated":true}]}}