{"id":2609,"date":"2017-03-31T11:42:17","date_gmt":"2017-03-31T11:42:17","guid":{"rendered":"http:\/\/socgastro.org.br\/novo\/?p=2609"},"modified":"2017-03-31T11:42:56","modified_gmt":"2017-03-31T11:42:56","slug":"assembleia-de-convenios-movimento-toma-novos-rumos","status":"publish","type":"post","link":"https:\/\/socgastro.org.br\/novo\/2017\/03\/assembleia-de-convenios-movimento-toma-novos-rumos\/","title":{"rendered":"Assembleia de conv\u00eanios: movimento toma novos rumos"},"content":{"rendered":"<p><img loading=\"lazy\" decoding=\"async\" class=\"alignleft size-medium wp-image-772\" src=\"http:\/\/socgastro.org.br\/novo\/wp-content\/uploads\/2016\/06\/CREMERJ-300x144.jpg\" alt=\"\" width=\"300\" height=\"144\" srcset=\"https:\/\/socgastro.org.br\/novo\/wp-content\/uploads\/2016\/06\/CREMERJ-300x144.jpg 300w, https:\/\/socgastro.org.br\/novo\/wp-content\/uploads\/2016\/06\/CREMERJ-600x288.jpg 600w, https:\/\/socgastro.org.br\/novo\/wp-content\/uploads\/2016\/06\/CREMERJ-768x369.jpg 768w, https:\/\/socgastro.org.br\/novo\/wp-content\/uploads\/2016\/06\/CREMERJ.jpg 950w\" sizes=\"auto, (max-width: 300px) 100vw, 300px\" \/>fonte: CREMERJ<\/p>\n<p>Tendo em vista o acordo firmado entre o CFM, a AMB e a Ag\u00eancia Nacional de Sa\u00fade Suplementar (ANS), de que n\u00e3o haver\u00e1 redu\u00e7\u00e3o de honor\u00e1rios no per\u00edodo de 2016\/2017 para quem n\u00e3o preencher o question\u00e1rio da ag\u00eancia, a Assembleia Geral de Conv\u00eanios do CREMERJ decidiu deixar a crit\u00e9rio dos m\u00e9dicos a assinatura do documento relativo ao fator de qualidade. A delibera\u00e7\u00e3o foi tomada em assembleia nessa quarta-feira, 29, pela Comiss\u00e3o de Sa\u00fade Suplementar (Comssu) do CREMERJ, pela Somerj e pelas sociedades de especialidade.<\/p>\n<p>Na tarde do dia 28, a ANS divulgou of\u00edcio sobre o acordo. Na carta, a Ag\u00eancia afirma que n\u00e3o haver\u00e1 redu\u00e7\u00e3o do IPCA ao \u00edndice de 85% para o ano de 2016\/2017. Os m\u00e9dicos devem enviar seus dados para a ANS atrav\u00e9s do site do CFM. O documento pode ser acessado pelo link: \u00a0<a href=\"http:\/\/portal.cfm.org.br\/images\/PDF\/oficioansfatordequalidade.pdf\">http:\/\/portal.cfm.org.br\/images\/PDF\/oficioansfatordequalidade.pdf<\/a><\/p>\n<p>Segundo a decis\u00e3o da ANS, os m\u00e9dicos que autorizarem o envio dos seus dados pelo CFM ter\u00e3o a reposi\u00e7\u00e3o de 100% do IPCA e aqueles que tenham t\u00edtulo de especialista registrado nos Conselhos de Medicina ter\u00e3o 105% do IPCA, caso n\u00e3o haja negocia\u00e7\u00e3o com as operadoras. O IPCA de janeiro de 2016\/2017 foi de 5,35.<\/p>\n<p>Apesar do posicionamento das entidades, a coordenadora da Comssu, M\u00e1rcia Rosa de Araujo, chamou aten\u00e7\u00e3o para o fato de que a medida valer\u00e1 apenas para este ano e que ela pode abrir precedente para as operadoras n\u00e3o participarem de negocia\u00e7\u00f5es. Isso porque as Instru\u00e7\u00f5es Normativas (IN) 63 e 64, que regulamentam a aplica\u00e7\u00e3o do fator de qualidade quando n\u00e3o houver negocia\u00e7\u00e3o entre operadoras e prestadores de servi\u00e7o, continuam v\u00e1lidas.<\/p>\n<p>Em tempo algum pode haver a redu\u00e7\u00e3o de honor\u00e1rios. Al\u00e9m disso, as INs ainda n\u00e3o foram revogadas. Entendemos que a ANS tem que se abster dos honor\u00e1rios m\u00e9dicos. A pauta de negocia\u00e7\u00f5es deste ano \u00e9 de que as operadoras apliquem o reajuste pelo Fipe Sa\u00fade mais 5%, frisou M\u00e1rcia Rosa.<\/p>\n<p>O diretor do CREMERJ e presidente da Somerj, Jos\u00e9 Ramon Blanco, acrescentou que o fato de o movimento de conv\u00eanios do Rio deixar a crit\u00e9rio do colega a resposta ao question\u00e1rio n\u00e3o inviabiliza a luta pela extin\u00e7\u00e3o das INs que apontem para um rebaixamento do \u00edndice de reajuste.<\/p>\n<p>Temos que lutar pela extin\u00e7\u00e3o de crit\u00e9rios que reduzam valores de reajuste dos honor\u00e1rios. Isso independe da assinatura do documento. Vamos continuar agindo pela conquista de pagamento justo para o nosso trabalho e pela valoriza\u00e7\u00e3o da nossa profiss\u00e3o, disse.<\/p>\n<p>Tamb\u00e9m foi informado o panorama das negocia\u00e7\u00f5es em andamento com as operadoras de sa\u00fade.<\/p>\n<p>Participaram tamb\u00e9m da reuni\u00e3o o presidente do CREMERJ, Nelson Nahon, que presidiu a assembleia, al\u00e9m dos conselheiros Renato Gra\u00e7a, Ricardo Bastos, Pablo Vazquez, K\u00e1ssie Cargnin e Carlos Enaldo de Ara\u00fajo<\/p>\n","protected":false},"excerpt":{"rendered":"<p>fonte: CREMERJ Tendo em vista o acordo firmado entre o CFM, a AMB e a Ag\u00eancia Nacional de Sa\u00fade Suplementar [&hellip;]<\/p>\n","protected":false},"author":1,"featured_media":772,"comment_status":"closed","ping_status":"open","sticky":false,"template":"","format":"standard","meta":{"footnotes":""},"categories":[2],"tags":[],"class_list":["post-2609","post","type-post","status-publish","format-standard","has-post-thumbnail","hentry","category-noticias"],"_links":{"self":[{"href":"https:\/\/socgastro.org.br\/novo\/wp-json\/wp\/v2\/posts\/2609","targetHints":{"allow":["GET"]}}],"collection":[{"href":"https:\/\/socgastro.org.br\/novo\/wp-json\/wp\/v2\/posts"}],"about":[{"href":"https:\/\/socgastro.org.br\/novo\/wp-json\/wp\/v2\/types\/post"}],"author":[{"embeddable":true,"href":"https:\/\/socgastro.org.br\/novo\/wp-json\/wp\/v2\/users\/1"}],"replies":[{"embeddable":true,"href":"https:\/\/socgastro.org.br\/novo\/wp-json\/wp\/v2\/comments?post=2609"}],"version-history":[{"count":2,"href":"https:\/\/socgastro.org.br\/novo\/wp-json\/wp\/v2\/posts\/2609\/revisions"}],"predecessor-version":[{"id":2611,"href":"https:\/\/socgastro.org.br\/novo\/wp-json\/wp\/v2\/posts\/2609\/revisions\/2611"}],"wp:featuredmedia":[{"embeddable":true,"href":"https:\/\/socgastro.org.br\/novo\/wp-json\/wp\/v2\/media\/772"}],"wp:attachment":[{"href":"https:\/\/socgastro.org.br\/novo\/wp-json\/wp\/v2\/media?parent=2609"}],"wp:term":[{"taxonomy":"category","embeddable":true,"href":"https:\/\/socgastro.org.br\/novo\/wp-json\/wp\/v2\/categories?post=2609"},{"taxonomy":"post_tag","embeddable":true,"href":"https:\/\/socgastro.org.br\/novo\/wp-json\/wp\/v2\/tags?post=2609"}],"curies":[{"name":"wp","href":"https:\/\/api.w.org\/{rel}","templated":true}]}}