{"id":2584,"date":"2017-03-27T10:32:23","date_gmt":"2017-03-27T10:32:23","guid":{"rendered":"http:\/\/socgastro.org.br\/novo\/?p=2584"},"modified":"2017-03-27T10:32:40","modified_gmt":"2017-03-27T10:32:40","slug":"fator-de-qualidade-prazo-e-prorrogado-e-assembleia-do-cremerj-trata-do-assunto","status":"publish","type":"post","link":"https:\/\/socgastro.org.br\/novo\/2017\/03\/fator-de-qualidade-prazo-e-prorrogado-e-assembleia-do-cremerj-trata-do-assunto\/","title":{"rendered":"Fator de Qualidade: prazo \u00e9 prorrogado. Assembleia no CREMERJ trata do assunto"},"content":{"rendered":"<p><img loading=\"lazy\" decoding=\"async\" class=\"alignleft size-medium wp-image-772\" src=\"http:\/\/socgastro.org.br\/novo\/wp-content\/uploads\/2016\/06\/CREMERJ-300x144.jpg\" alt=\"\" width=\"300\" height=\"144\" srcset=\"https:\/\/socgastro.org.br\/novo\/wp-content\/uploads\/2016\/06\/CREMERJ-300x144.jpg 300w, https:\/\/socgastro.org.br\/novo\/wp-content\/uploads\/2016\/06\/CREMERJ-600x288.jpg 600w, https:\/\/socgastro.org.br\/novo\/wp-content\/uploads\/2016\/06\/CREMERJ-768x369.jpg 768w, https:\/\/socgastro.org.br\/novo\/wp-content\/uploads\/2016\/06\/CREMERJ.jpg 950w\" sizes=\"auto, (max-width: 300px) 100vw, 300px\" \/>fonte: CREMERJ<\/p>\n<p>A Ag\u00eancia Nacional de Sa\u00fade Suplementar (ANS) prorrogou o prazo para preenchimento do question\u00e1rio que ser\u00e1 adotado para fins de aplica\u00e7\u00e3o do Fator de Qualidade (FQ). Profissionais de sa\u00fade t\u00eam at\u00e9 o dia 31\/03, como \u00faltima data, para responderem \u00e0s perguntas no portal da ANS ou autorizar o envio de seus dados pelo site do Conselho Federal de Medicina (CFM).<\/p>\n<p>O CREMERJ, a Somerj e as sociedades de especialidade convidam os m\u00e9dicos a participarem da Assembleia Geral de Conv\u00eanios nesta quarta-feira,\u00a0dia 29, \u00e0s 20h, para acompanhamento do que foi acordado entre as entidades nacionais e a ANS e para um balan\u00e7o das negocia\u00e7\u00f5es em curso.<\/p>\n","protected":false},"excerpt":{"rendered":"<p>fonte: CREMERJ A Ag\u00eancia Nacional de Sa\u00fade Suplementar (ANS) prorrogou o prazo para preenchimento do question\u00e1rio que ser\u00e1 adotado para [&hellip;]<\/p>\n","protected":false},"author":1,"featured_media":772,"comment_status":"closed","ping_status":"open","sticky":false,"template":"","format":"standard","meta":{"footnotes":""},"categories":[2],"tags":[],"class_list":["post-2584","post","type-post","status-publish","format-standard","has-post-thumbnail","hentry","category-noticias"],"_links":{"self":[{"href":"https:\/\/socgastro.org.br\/novo\/wp-json\/wp\/v2\/posts\/2584","targetHints":{"allow":["GET"]}}],"collection":[{"href":"https:\/\/socgastro.org.br\/novo\/wp-json\/wp\/v2\/posts"}],"about":[{"href":"https:\/\/socgastro.org.br\/novo\/wp-json\/wp\/v2\/types\/post"}],"author":[{"embeddable":true,"href":"https:\/\/socgastro.org.br\/novo\/wp-json\/wp\/v2\/users\/1"}],"replies":[{"embeddable":true,"href":"https:\/\/socgastro.org.br\/novo\/wp-json\/wp\/v2\/comments?post=2584"}],"version-history":[{"count":2,"href":"https:\/\/socgastro.org.br\/novo\/wp-json\/wp\/v2\/posts\/2584\/revisions"}],"predecessor-version":[{"id":2586,"href":"https:\/\/socgastro.org.br\/novo\/wp-json\/wp\/v2\/posts\/2584\/revisions\/2586"}],"wp:featuredmedia":[{"embeddable":true,"href":"https:\/\/socgastro.org.br\/novo\/wp-json\/wp\/v2\/media\/772"}],"wp:attachment":[{"href":"https:\/\/socgastro.org.br\/novo\/wp-json\/wp\/v2\/media?parent=2584"}],"wp:term":[{"taxonomy":"category","embeddable":true,"href":"https:\/\/socgastro.org.br\/novo\/wp-json\/wp\/v2\/categories?post=2584"},{"taxonomy":"post_tag","embeddable":true,"href":"https:\/\/socgastro.org.br\/novo\/wp-json\/wp\/v2\/tags?post=2584"}],"curies":[{"name":"wp","href":"https:\/\/api.w.org\/{rel}","templated":true}]}}