{"id":18350,"date":"2025-12-09T15:18:40","date_gmt":"2025-12-09T15:18:40","guid":{"rendered":"https:\/\/socgastro.org.br\/novo\/?p=18350"},"modified":"2025-12-09T15:18:40","modified_gmt":"2025-12-09T15:18:40","slug":"ans-autoriza-incorporacao-do-guselcumabe-para-tratamento-de-retocolite-ulcerativa-moderada-a-grave","status":"publish","type":"post","link":"https:\/\/socgastro.org.br\/novo\/2025\/12\/ans-autoriza-incorporacao-do-guselcumabe-para-tratamento-de-retocolite-ulcerativa-moderada-a-grave\/","title":{"rendered":"ANS autoriza incorpora\u00e7\u00e3o do Guselcumabe para tratamento de Retocolite Ulcerativa moderada a grave"},"content":{"rendered":"<p>A Ag\u00eancia Nacional de Sa\u00fade Suplementar (ANS) realizou, na sexta-feira, dia 5, a 631\u00aa Reuni\u00e3o Ordin\u00e1ria da Diretoria Colegiada (DICOL) que, dentre os diversos temas abordados, um foi de extremo interesse para os gastroenterologistas: o Guselcumabe recebeu recomenda\u00e7\u00e3o final favor\u00e1vel para incorpora\u00e7\u00e3o no rol da ANS para tratamento de Retocolite Ulcerativa moderada a grave, ap\u00f3s falha, refratariedade, recidiva ou intoler\u00e2ncia \u00e0 terapia com anti-TNF.<\/p>\n<p>De acordo com a \u00e1rea t\u00e9cnica, as an\u00e1lises e discuss\u00f5es mostraram que a incorpora\u00e7\u00e3o do medicamento poder\u00e1 trazer ganhos aos pacientes, al\u00e9m de uma maior economia para o sistema, devido ao custo-benef\u00edcio da tecnologia.<\/p>\n","protected":false},"excerpt":{"rendered":"<p>A Ag\u00eancia Nacional de Sa\u00fade Suplementar (ANS) realizou, na sexta-feira, dia 5, a 631\u00aa Reuni\u00e3o Ordin\u00e1ria da Diretoria Colegiada (DICOL) [&hellip;]<\/p>\n","protected":false},"author":1,"featured_media":18353,"comment_status":"closed","ping_status":"open","sticky":false,"template":"","format":"standard","meta":{"footnotes":""},"categories":[2],"tags":[],"class_list":["post-18350","post","type-post","status-publish","format-standard","has-post-thumbnail","hentry","category-noticias"],"_links":{"self":[{"href":"https:\/\/socgastro.org.br\/novo\/wp-json\/wp\/v2\/posts\/18350","targetHints":{"allow":["GET"]}}],"collection":[{"href":"https:\/\/socgastro.org.br\/novo\/wp-json\/wp\/v2\/posts"}],"about":[{"href":"https:\/\/socgastro.org.br\/novo\/wp-json\/wp\/v2\/types\/post"}],"author":[{"embeddable":true,"href":"https:\/\/socgastro.org.br\/novo\/wp-json\/wp\/v2\/users\/1"}],"replies":[{"embeddable":true,"href":"https:\/\/socgastro.org.br\/novo\/wp-json\/wp\/v2\/comments?post=18350"}],"version-history":[{"count":1,"href":"https:\/\/socgastro.org.br\/novo\/wp-json\/wp\/v2\/posts\/18350\/revisions"}],"predecessor-version":[{"id":18354,"href":"https:\/\/socgastro.org.br\/novo\/wp-json\/wp\/v2\/posts\/18350\/revisions\/18354"}],"wp:featuredmedia":[{"embeddable":true,"href":"https:\/\/socgastro.org.br\/novo\/wp-json\/wp\/v2\/media\/18353"}],"wp:attachment":[{"href":"https:\/\/socgastro.org.br\/novo\/wp-json\/wp\/v2\/media?parent=18350"}],"wp:term":[{"taxonomy":"category","embeddable":true,"href":"https:\/\/socgastro.org.br\/novo\/wp-json\/wp\/v2\/categories?post=18350"},{"taxonomy":"post_tag","embeddable":true,"href":"https:\/\/socgastro.org.br\/novo\/wp-json\/wp\/v2\/tags?post=18350"}],"curies":[{"name":"wp","href":"https:\/\/api.w.org\/{rel}","templated":true}]}}