{"id":1110,"date":"2016-07-26T10:01:43","date_gmt":"2016-07-26T10:01:43","guid":{"rendered":"http:\/\/socgastro.org.br\/novo\/?p=1110"},"modified":"2016-08-12T12:10:30","modified_gmt":"2016-08-12T12:10:30","slug":"gastren-rio-ocorre-em-setembro-confira-programacao-e-faca-sua-inscricao","status":"publish","type":"post","link":"https:\/\/socgastro.org.br\/novo\/2016\/07\/gastren-rio-ocorre-em-setembro-confira-programacao-e-faca-sua-inscricao\/","title":{"rendered":"GASTREN-Rio ocorre em setembro. Confira programa\u00e7\u00e3o e fa\u00e7a sua inscri\u00e7\u00e3o"},"content":{"rendered":"<p><img loading=\"lazy\" decoding=\"async\" class=\"aligncenter size-large wp-image-1192\" src=\"http:\/\/socgastro.org.br\/novo\/wp-content\/uploads\/2016\/01\/banner_gastren_ago2016-1024x410.jpg\" alt=\"banner_gastren_ago2016\" width=\"720\" height=\"288\" srcset=\"https:\/\/socgastro.org.br\/novo\/wp-content\/uploads\/2016\/01\/banner_gastren_ago2016-1024x410.jpg 1024w, https:\/\/socgastro.org.br\/novo\/wp-content\/uploads\/2016\/01\/banner_gastren_ago2016-600x240.jpg 600w, https:\/\/socgastro.org.br\/novo\/wp-content\/uploads\/2016\/01\/banner_gastren_ago2016-300x120.jpg 300w, https:\/\/socgastro.org.br\/novo\/wp-content\/uploads\/2016\/01\/banner_gastren_ago2016-768x307.jpg 768w\" sizes=\"auto, (max-width: 720px) 100vw, 720px\" \/><br \/>\nO <a href=\"http:\/\/galppe-eventos.com.br\/novo\/?page_id=100\" target=\"_blank\">XXVI GASTREN-Rio<\/a> ser\u00e1 realizado entre os dias 15 e 17 de setembro (quinta-feira a s\u00e1bado) no centro de conven\u00e7\u00f5es do Col\u00e9gio Brasileiro de Cirurgi\u00f5es (CBC), no Humait\u00e1. O evento abordar\u00e1 diversos temas, tais quais: cirrose e suas complica\u00e7\u00f5es, dist\u00farbios funcionais do aparelho digestivo, hepatites aguda e cr\u00f4nica, entre outros.<\/p>\n<p>Associados AGRJ s\u00e3o isentos da taxa de inscri\u00e7\u00e3o,\u00a0mas precisam preencher a ficha presente no site do evento.<\/p>\n<p><a href=\"http:\/\/galppe-eventos.com.br\/novo\/?page_id=115\" target=\"_blank\">CONFIRA A PROGRAMA\u00c7\u00c3O<\/a><\/p>\n<p><a href=\"http:\/\/galppe-eventos.com.br\/novo\/?page_id=113\" target=\"_blank\">INSCREVA-SE<\/a><\/p>\n","protected":false},"excerpt":{"rendered":"<p>O XXVI GASTREN-Rio ser\u00e1 realizado entre os dias 15 e 17 de setembro (quinta-feira a s\u00e1bado) no centro de conven\u00e7\u00f5es [&hellip;]<\/p>\n","protected":false},"author":1,"featured_media":1192,"comment_status":"closed","ping_status":"open","sticky":false,"template":"","format":"standard","meta":{"footnotes":"","_members_access_role":[],"_members_access_error":""},"categories":[8,2],"tags":[],"class_list":["post-1110","post","type-post","status-publish","format-standard","has-post-thumbnail","hentry","category-destaques","category-noticias"],"_links":{"self":[{"href":"https:\/\/socgastro.org.br\/novo\/wp-json\/wp\/v2\/posts\/1110","targetHints":{"allow":["GET"]}}],"collection":[{"href":"https:\/\/socgastro.org.br\/novo\/wp-json\/wp\/v2\/posts"}],"about":[{"href":"https:\/\/socgastro.org.br\/novo\/wp-json\/wp\/v2\/types\/post"}],"author":[{"embeddable":true,"href":"https:\/\/socgastro.org.br\/novo\/wp-json\/wp\/v2\/users\/1"}],"replies":[{"embeddable":true,"href":"https:\/\/socgastro.org.br\/novo\/wp-json\/wp\/v2\/comments?post=1110"}],"version-history":[{"count":2,"href":"https:\/\/socgastro.org.br\/novo\/wp-json\/wp\/v2\/posts\/1110\/revisions"}],"predecessor-version":[{"id":1193,"href":"https:\/\/socgastro.org.br\/novo\/wp-json\/wp\/v2\/posts\/1110\/revisions\/1193"}],"wp:featuredmedia":[{"embeddable":true,"href":"https:\/\/socgastro.org.br\/novo\/wp-json\/wp\/v2\/media\/1192"}],"wp:attachment":[{"href":"https:\/\/socgastro.org.br\/novo\/wp-json\/wp\/v2\/media?parent=1110"}],"wp:term":[{"taxonomy":"category","embeddable":true,"href":"https:\/\/socgastro.org.br\/novo\/wp-json\/wp\/v2\/categories?post=1110"},{"taxonomy":"post_tag","embeddable":true,"href":"https:\/\/socgastro.org.br\/novo\/wp-json\/wp\/v2\/tags?post=1110"}],"curies":[{"name":"wp","href":"https:\/\/api.w.org\/{rel}","templated":true}]}}